{"id":24267,"date":"2026-08-17T10:29:41","date_gmt":"2026-08-17T07:29:41","guid":{"rendered":"https:\/\/www.europe24.org\/?p=24267"},"modified":"2026-08-17T10:29:42","modified_gmt":"2026-08-17T07:29:42","slug":"la-russie-limoge-un-economiste-qui-predisait-une-defaite-dans-une-guerre-dusure","status":"publish","type":"post","link":"https:\/\/www.europe24.org\/?p=24267","title":{"rendered":"La Russie limoge un \u00e9conomiste qui pr\u00e9disait une d\u00e9faite dans une guerre d\u2019usure"},"content":{"rendered":"\n<p class=\"wp-block-paragraph\">Le chef \u00e9conomiste de la soci\u00e9t\u00e9 publique russe <strong>VEB.RF, Andre\u00ef Klepatch<\/strong>, a quitt\u00e9 son poste apr\u00e8s que ses pr\u00e9visions pessimistes concernant les perspectives de l&#8217;\u00e9conomie russe ont commenc\u00e9 \u00e0 \u00eatre largement relay\u00e9es par les m\u00e9dias. L&#8217;information a \u00e9t\u00e9 rapport\u00e9e par The Insider et \u00ab Vazhnye Istorii \u00bb, citant The Bell, qui s&#8217;appuie sur deux sources proches du dossier.<\/p>\n\n\n\n<p class=\"wp-block-paragraph\">En mai, Klepatch avait d\u00e9clar\u00e9 que <strong>la Russie ne serait pas en mesure de remporter une guerre d&#8217;usure \u00e9conomique contre l&#8217;Occident<\/strong>. Il ne pr\u00e9voyait pas pour autant un effondrement de l&#8217;\u00e9conomie russe, mais avertissait que le pays risquait de prendre progressivement du retard sur les plans technologique et \u00e9conomique.<\/p>\n\n\n\n<p class=\"wp-block-paragraph\">Selon ses pr\u00e9visions, le <strong>PIB russe pourrait ne progresser que de 1 \u00e0 1,5 % en 2027<\/strong>. Parmi les principaux risques, l&#8217;\u00e9conomiste citait l&#8217;aggravation des in\u00e9galit\u00e9s, la baisse des revenus des petites et moyennes entreprises ainsi que la d\u00e9t\u00e9rioration de la situation dans le secteur de la sant\u00e9.<\/p>\n\n\n\n<p class=\"wp-block-paragraph\">Klepatch avait \u00e9galement mis en garde contre le risque d&#8217;une <strong>crise sociale<\/strong> susceptible de survenir de mani\u00e8re inattendue. Il soulignait qu&#8217;apr\u00e8s la forte croissance \u00e9conomique enregistr\u00e9e en Russie en 2023 et 2024, le rythme de d\u00e9veloppement avait nettement ralenti en 2025 et pourrait rester inf\u00e9rieur \u00e0 celui des \u00c9tats-Unis et de l&#8217;Ukraine.<\/p>\n\n\n\n<p class=\"wp-block-paragraph\">Selon The Bell, ce seraient pr\u00e9cis\u00e9ment les d\u00e9clarations publiques de l&#8217;\u00e9conomiste qui auraient conduit \u00e0 son d\u00e9part. Une source affirme que le directeur de VEB.RF, <strong>Igor Chouvalov<\/strong>, aurait pris cette d\u00e9cision apr\u00e8s avoir re\u00e7u \u00ab un appel d&#8217;en haut \u00bb.<\/p>\n\n\n\n<p class=\"wp-block-paragraph\">Parall\u00e8lement, la situation financi\u00e8re de la Russie continue de se d\u00e9t\u00e9riorer. Au cours des sept premiers mois de <strong>2026<\/strong>, le d\u00e9ficit du budget f\u00e9d\u00e9ral russe a atteint <strong>6 460 milliards de roubles<\/strong>, tandis que le d\u00e9ficit entre les recettes et les d\u00e9penses s&#8217;est encore creus\u00e9 de 724 milliards de roubles rien qu&#8217;en juillet.<\/p>\n","protected":false},"excerpt":{"rendered":"<p>Le chef \u00e9conomiste de la soci\u00e9t\u00e9 publique russe VEB.RF, Andre\u00ef Klepatch, a quitt\u00e9 son poste apr\u00e8s que ses pr\u00e9visions pessimistes concernant les perspectives de l&#8217;\u00e9conomie russe ont commenc\u00e9 \u00e0 \u00eatre largement relay\u00e9es par les m\u00e9dias. L&#8217;information a \u00e9t\u00e9 rapport\u00e9e par The Insider et \u00ab Vazhnye Istorii \u00bb, citant The Bell, qui s&#8217;appuie sur deux sources [&hellip;]<\/p>\n","protected":false},"author":1,"featured_media":24268,"comment_status":"open","ping_status":"open","sticky":false,"template":"","format":"standard","meta":{"footnotes":""},"categories":[41,40],"tags":[],"class_list":["post-24267","post","type-post","status-publish","format-standard","has-post-thumbnail","hentry","category-economie","category-monde"],"_links":{"self":[{"href":"https:\/\/www.europe24.org\/index.php?rest_route=\/wp\/v2\/posts\/24267","targetHints":{"allow":["GET"]}}],"collection":[{"href":"https:\/\/www.europe24.org\/index.php?rest_route=\/wp\/v2\/posts"}],"about":[{"href":"https:\/\/www.europe24.org\/index.php?rest_route=\/wp\/v2\/types\/post"}],"author":[{"embeddable":true,"href":"https:\/\/www.europe24.org\/index.php?rest_route=\/wp\/v2\/users\/1"}],"replies":[{"embeddable":true,"href":"https:\/\/www.europe24.org\/index.php?rest_route=%2Fwp%2Fv2%2Fcomments&post=24267"}],"version-history":[{"count":1,"href":"https:\/\/www.europe24.org\/index.php?rest_route=\/wp\/v2\/posts\/24267\/revisions"}],"predecessor-version":[{"id":24269,"href":"https:\/\/www.europe24.org\/index.php?rest_route=\/wp\/v2\/posts\/24267\/revisions\/24269"}],"wp:featuredmedia":[{"embeddable":true,"href":"https:\/\/www.europe24.org\/index.php?rest_route=\/wp\/v2\/media\/24268"}],"wp:attachment":[{"href":"https:\/\/www.europe24.org\/index.php?rest_route=%2Fwp%2Fv2%2Fmedia&parent=24267"}],"wp:term":[{"taxonomy":"category","embeddable":true,"href":"https:\/\/www.europe24.org\/index.php?rest_route=%2Fwp%2Fv2%2Fcategories&post=24267"},{"taxonomy":"post_tag","embeddable":true,"href":"https:\/\/www.europe24.org\/index.php?rest_route=%2Fwp%2Fv2%2Ftags&post=24267"}],"curies":[{"name":"wp","href":"https:\/\/api.w.org\/{rel}","templated":true}]}}