{"id":24270,"date":"2026-08-17T16:18:36","date_gmt":"2026-08-17T13:18:36","guid":{"rendered":"https:\/\/www.europe24.org\/?p=24270"},"modified":"2026-08-17T16:18:37","modified_gmt":"2026-08-17T13:18:37","slug":"nous-ne-gagnerons-pas-cette-guerre-dusure-leconomiste-en-chef-de-la-banque-du-kremlin-limoge","status":"publish","type":"post","link":"https:\/\/www.europe24.org\/?p=24270","title":{"rendered":"&#8220;Nous ne gagnerons pas cette guerre d&#8217;usure&#8221; : L&#8217;\u00e9conomiste en chef de la banque du Kremlin limog\u00e9"},"content":{"rendered":"\n<p class=\"wp-block-paragraph\">Le mythe de la r\u00e9sistance \u00e9conomique russe s&#8217;effondre de l&#8217;int\u00e9rieur. Andre\u00ef Klepach, \u00e9conomiste en chef de la banque d&#8217;\u00c9tat VEB, a publiquement pr\u00e9dit la d\u00e9faite de la Russie dans la guerre \u00e9conomique contre l&#8217;Occident. Il a \u00e9t\u00e9 imm\u00e9diatement licenci\u00e9 apr\u00e8s ses d\u00e9clarations.<\/p>\n\n\n\n<p class=\"wp-block-paragraph\">Les aveux choc de l&#8217;expert financier :<\/p>\n\n\n\n<p class=\"wp-block-paragraph\">Sanctions et frappes d\u00e9vastatrices : Les tirs ukrainiens sur les raffineries, les ports et les usines chimiques, combin\u00e9s aux sanctions, asphyxient l&#8217;\u00e9conomie russe et font exploser les co\u00fbts.<\/p>\n\n\n\n<p class=\"wp-block-paragraph\">D\u00e9crochage technologique : La Russie perd la comp\u00e9tition face aux \u00c9tats-Unis, \u00e0 la Chine et m\u00eame \u00e0 l&#8217;Ukraine, dont l&#8217;\u00e9conomie r\u00e9siste gr\u00e2ce au soutien financier international.<\/p>\n\n\n\n<p class=\"wp-block-paragraph\">Crise sociale imminente : Avec une croissance bloqu\u00e9e entre 1 et 1,5 %, Klepach pr\u00e9vient que l&#8217;accumulation des pertes m\u00e8nera in\u00e9vitablement \u00e0 un effondrement social.<\/p>\n\n\n\n<p class=\"wp-block-paragraph\">Licocier les \u00e9conomistes ne sauvera pas le Kremlin de la r\u00e9alit\u00e9 \u00e9conomique.<\/p>\n","protected":false},"excerpt":{"rendered":"<p>Le mythe de la r\u00e9sistance \u00e9conomique russe s&#8217;effondre de l&#8217;int\u00e9rieur. Andre\u00ef Klepach, \u00e9conomiste en chef de la banque d&#8217;\u00c9tat VEB, a publiquement pr\u00e9dit la d\u00e9faite de la Russie dans la guerre \u00e9conomique contre l&#8217;Occident. Il a \u00e9t\u00e9 imm\u00e9diatement licenci\u00e9 apr\u00e8s ses d\u00e9clarations. Les aveux choc de l&#8217;expert financier : Sanctions et frappes d\u00e9vastatrices : Les [&hellip;]<\/p>\n","protected":false},"author":1,"featured_media":24271,"comment_status":"open","ping_status":"open","sticky":false,"template":"","format":"standard","meta":{"footnotes":""},"categories":[41,40,42,8],"tags":[],"class_list":["post-24270","post","type-post","status-publish","format-standard","has-post-thumbnail","hentry","category-economie","category-monde","category-politique","category-uncategorized"],"_links":{"self":[{"href":"https:\/\/www.europe24.org\/index.php?rest_route=\/wp\/v2\/posts\/24270","targetHints":{"allow":["GET"]}}],"collection":[{"href":"https:\/\/www.europe24.org\/index.php?rest_route=\/wp\/v2\/posts"}],"about":[{"href":"https:\/\/www.europe24.org\/index.php?rest_route=\/wp\/v2\/types\/post"}],"author":[{"embeddable":true,"href":"https:\/\/www.europe24.org\/index.php?rest_route=\/wp\/v2\/users\/1"}],"replies":[{"embeddable":true,"href":"https:\/\/www.europe24.org\/index.php?rest_route=%2Fwp%2Fv2%2Fcomments&post=24270"}],"version-history":[{"count":1,"href":"https:\/\/www.europe24.org\/index.php?rest_route=\/wp\/v2\/posts\/24270\/revisions"}],"predecessor-version":[{"id":24272,"href":"https:\/\/www.europe24.org\/index.php?rest_route=\/wp\/v2\/posts\/24270\/revisions\/24272"}],"wp:featuredmedia":[{"embeddable":true,"href":"https:\/\/www.europe24.org\/index.php?rest_route=\/wp\/v2\/media\/24271"}],"wp:attachment":[{"href":"https:\/\/www.europe24.org\/index.php?rest_route=%2Fwp%2Fv2%2Fmedia&parent=24270"}],"wp:term":[{"taxonomy":"category","embeddable":true,"href":"https:\/\/www.europe24.org\/index.php?rest_route=%2Fwp%2Fv2%2Fcategories&post=24270"},{"taxonomy":"post_tag","embeddable":true,"href":"https:\/\/www.europe24.org\/index.php?rest_route=%2Fwp%2Fv2%2Ftags&post=24270"}],"curies":[{"name":"wp","href":"https:\/\/api.w.org\/{rel}","templated":true}]}}