{"id":24273,"date":"2026-08-17T16:47:47","date_gmt":"2026-08-17T13:47:47","guid":{"rendered":"https:\/\/www.europe24.org\/?p=24273"},"modified":"2026-08-17T16:47:48","modified_gmt":"2026-08-17T13:47:48","slug":"frappes-nocturnes-denvergure-en-crimee-les-centres-de-commande-de-drones-russes-reduits-en-cendres","status":"publish","type":"post","link":"https:\/\/www.europe24.org\/?p=24273","title":{"rendered":"Frappes nocturnes d&#8217;envergure en Crim\u00e9e : Les centres de commande de drones russes r\u00e9duits en cendres"},"content":{"rendered":"\n<p class=\"wp-block-paragraph\">Dans la nuit du 17 ao\u00fbt 2026, les Forces de d\u00e9fense ukrainiennes ont frapp\u00e9 une s\u00e9rie de cibles militaires n\u00e9vralgiques sur la p\u00e9ninsule de Crim\u00e9e occup\u00e9e et sur la fl\u00e8che de Tendra. L&#8217;op\u00e9ration visant \u00e0 paralyser le contingent militaire russe se poursuit avec succ\u00e8s.<\/p>\n\n\n\n<p class=\"wp-block-paragraph\">R\u00e9sultats op\u00e9rationnels :<\/p>\n\n\n\n<p class=\"wp-block-paragraph\">Site de lancement de Gvardeyskoe en feu : Incendie majeur confirm\u00e9 sur le complexe de stockage, de pr\u00e9paration et de lancement de drones d&#8217;attaque russes.<\/p>\n\n\n\n<p class=\"wp-block-paragraph\">Stations de contr\u00f4le neutralis\u00e9es : La station au sol du drone &#8220;Orion&#8221; \u00e0 Novofedorivka et le relais de guidage des drones &#8220;Geran&#8221;\/&#8221;Gerbera&#8221; \u00e0 Olenivka ont \u00e9t\u00e9 d\u00e9truits.<\/p>\n\n\n\n<p class=\"wp-block-paragraph\">N\u0153ud de communication frapp\u00e9 : Un point de ravitaillement et de communication pour relais de drones a \u00e9t\u00e9 neutralis\u00e9 sur la fl\u00e8che de Tendra (r\u00e9gion de Kherson).<\/p>\n\n\n\n<p class=\"wp-block-paragraph\">Tensions sociales en hausse : L&#8217;incapacit\u00e9 des autorit\u00e9s d&#8217;occupation \u00e0 garantir un approvisionnement stable en carburant et en \u00e9lectricit\u00e9 accentue la panique parmi la population.<\/p>\n\n\n\n<p class=\"wp-block-paragraph\">Priv\u00e9e de ses yeux dans les airs et de son r\u00e9seau \u00e9lectrique au sol, l&#8217;infrastructure d&#8217;occupation s&#8217;effondre de mani\u00e8re irr\u00e9versible.<\/p>\n","protected":false},"excerpt":{"rendered":"<p>Dans la nuit du 17 ao\u00fbt 2026, les Forces de d\u00e9fense ukrainiennes ont frapp\u00e9 une s\u00e9rie de cibles militaires n\u00e9vralgiques sur la p\u00e9ninsule de Crim\u00e9e occup\u00e9e et sur la fl\u00e8che de Tendra. L&#8217;op\u00e9ration visant \u00e0 paralyser le contingent militaire russe se poursuit avec succ\u00e8s. R\u00e9sultats op\u00e9rationnels : Site de lancement de Gvardeyskoe en feu : [&hellip;]<\/p>\n","protected":false},"author":1,"featured_media":24274,"comment_status":"open","ping_status":"open","sticky":false,"template":"","format":"standard","meta":{"footnotes":""},"categories":[40,42,8],"tags":[],"class_list":["post-24273","post","type-post","status-publish","format-standard","has-post-thumbnail","hentry","category-monde","category-politique","category-uncategorized"],"_links":{"self":[{"href":"https:\/\/www.europe24.org\/index.php?rest_route=\/wp\/v2\/posts\/24273","targetHints":{"allow":["GET"]}}],"collection":[{"href":"https:\/\/www.europe24.org\/index.php?rest_route=\/wp\/v2\/posts"}],"about":[{"href":"https:\/\/www.europe24.org\/index.php?rest_route=\/wp\/v2\/types\/post"}],"author":[{"embeddable":true,"href":"https:\/\/www.europe24.org\/index.php?rest_route=\/wp\/v2\/users\/1"}],"replies":[{"embeddable":true,"href":"https:\/\/www.europe24.org\/index.php?rest_route=%2Fwp%2Fv2%2Fcomments&post=24273"}],"version-history":[{"count":1,"href":"https:\/\/www.europe24.org\/index.php?rest_route=\/wp\/v2\/posts\/24273\/revisions"}],"predecessor-version":[{"id":24275,"href":"https:\/\/www.europe24.org\/index.php?rest_route=\/wp\/v2\/posts\/24273\/revisions\/24275"}],"wp:featuredmedia":[{"embeddable":true,"href":"https:\/\/www.europe24.org\/index.php?rest_route=\/wp\/v2\/media\/24274"}],"wp:attachment":[{"href":"https:\/\/www.europe24.org\/index.php?rest_route=%2Fwp%2Fv2%2Fmedia&parent=24273"}],"wp:term":[{"taxonomy":"category","embeddable":true,"href":"https:\/\/www.europe24.org\/index.php?rest_route=%2Fwp%2Fv2%2Fcategories&post=24273"},{"taxonomy":"post_tag","embeddable":true,"href":"https:\/\/www.europe24.org\/index.php?rest_route=%2Fwp%2Fv2%2Ftags&post=24273"}],"curies":[{"name":"wp","href":"https:\/\/api.w.org\/{rel}","templated":true}]}}