{"id":24298,"date":"2026-08-20T18:14:59","date_gmt":"2026-08-20T15:14:59","guid":{"rendered":"https:\/\/www.europe24.org\/?p=24298"},"modified":"2026-08-20T18:14:59","modified_gmt":"2026-08-20T15:14:59","slug":"black-out-total-en-crimee-loperation-disolement-franchit-une-nouvelle-etape","status":"publish","type":"post","link":"https:\/\/www.europe24.org\/?p=24298","title":{"rendered":"Black-out total en Crim\u00e9e : L&#8217;op\u00e9ration d&#8217;isolement franchit une nouvelle \u00e9tape"},"content":{"rendered":"\n<p class=\"wp-block-paragraph\">Une s\u00e9rie de frappes cibl\u00e9es contre les infrastructures \u00e9nerg\u00e9tiques cl\u00e9s a plong\u00e9 l&#8217;ensemble de la p\u00e9ninsule de Crim\u00e9e dans un black-out complet. Cette action d&#8217;envergure vise \u00e0 paralyser la cha\u00eene logistique et militaire qui alimente les forces d&#8217;occupation dans le secteur.<\/p>\n\n\n\n<p class=\"wp-block-paragraph\">Les frappes ont touch\u00e9 le terminal p\u00e9trolier de Tamanneftegaz et la sous-station \u00e9lectrique de 500 kV de Taman, situ\u00e9e dans le kra\u00ef de Krasnodar, qui constitue le n\u0153ud principal du pont \u00e9nerg\u00e9tique vers la Crim\u00e9e. En parall\u00e8le, des drones ont neutralis\u00e9 plusieurs postes internes sur la p\u00e9ninsule, notamment la sous-station de Kafa pr\u00e8s de Th\u00e9odosie et celle de Maloretchenska\u00efa pr\u00e8s d&#8217;Alouchta, provoquant des coupures g\u00e9n\u00e9rales \u00e0 Eupatoria, Saky et Bakhtchyssara\u00ef.<\/p>\n\n\n\n<p class=\"wp-block-paragraph\">L&#8217;arr\u00eat soudain des infrastructures essentielles suscite un mouvement de panique parmi les r\u00e9sidents. D\u00e8s le matin du 20 ao\u00fbt, d&#8217;importants embouteillages ont \u00e9t\u00e9 signal\u00e9s \u00e0 l&#8217;entr\u00e9e du pont de Kertch, la population cherchant \u00e0 quitter la Crim\u00e9e en direction du territoire russe.<\/p>\n\n\n\n<p class=\"wp-block-paragraph\"><\/p>\n","protected":false},"excerpt":{"rendered":"<p>Une s\u00e9rie de frappes cibl\u00e9es contre les infrastructures \u00e9nerg\u00e9tiques cl\u00e9s a plong\u00e9 l&#8217;ensemble de la p\u00e9ninsule de Crim\u00e9e dans un black-out complet. Cette action d&#8217;envergure vise \u00e0 paralyser la cha\u00eene logistique et militaire qui alimente les forces d&#8217;occupation dans le secteur. Les frappes ont touch\u00e9 le terminal p\u00e9trolier de Tamanneftegaz et la sous-station \u00e9lectrique de [&hellip;]<\/p>\n","protected":false},"author":1,"featured_media":24299,"comment_status":"open","ping_status":"open","sticky":false,"template":"","format":"standard","meta":{"footnotes":""},"categories":[40,42,8],"tags":[],"class_list":["post-24298","post","type-post","status-publish","format-standard","has-post-thumbnail","hentry","category-monde","category-politique","category-uncategorized"],"_links":{"self":[{"href":"https:\/\/www.europe24.org\/index.php?rest_route=\/wp\/v2\/posts\/24298","targetHints":{"allow":["GET"]}}],"collection":[{"href":"https:\/\/www.europe24.org\/index.php?rest_route=\/wp\/v2\/posts"}],"about":[{"href":"https:\/\/www.europe24.org\/index.php?rest_route=\/wp\/v2\/types\/post"}],"author":[{"embeddable":true,"href":"https:\/\/www.europe24.org\/index.php?rest_route=\/wp\/v2\/users\/1"}],"replies":[{"embeddable":true,"href":"https:\/\/www.europe24.org\/index.php?rest_route=%2Fwp%2Fv2%2Fcomments&post=24298"}],"version-history":[{"count":1,"href":"https:\/\/www.europe24.org\/index.php?rest_route=\/wp\/v2\/posts\/24298\/revisions"}],"predecessor-version":[{"id":24300,"href":"https:\/\/www.europe24.org\/index.php?rest_route=\/wp\/v2\/posts\/24298\/revisions\/24300"}],"wp:featuredmedia":[{"embeddable":true,"href":"https:\/\/www.europe24.org\/index.php?rest_route=\/wp\/v2\/media\/24299"}],"wp:attachment":[{"href":"https:\/\/www.europe24.org\/index.php?rest_route=%2Fwp%2Fv2%2Fmedia&parent=24298"}],"wp:term":[{"taxonomy":"category","embeddable":true,"href":"https:\/\/www.europe24.org\/index.php?rest_route=%2Fwp%2Fv2%2Fcategories&post=24298"},{"taxonomy":"post_tag","embeddable":true,"href":"https:\/\/www.europe24.org\/index.php?rest_route=%2Fwp%2Fv2%2Ftags&post=24298"}],"curies":[{"name":"wp","href":"https:\/\/api.w.org\/{rel}","templated":true}]}}