{"id":24301,"date":"2026-08-21T17:06:50","date_gmt":"2026-08-21T14:06:50","guid":{"rendered":"https:\/\/www.europe24.org\/?p=24301"},"modified":"2026-08-21T17:06:50","modified_gmt":"2026-08-21T14:06:50","slug":"black-out-general-en-crimee-loperation-disolement-paralyse-les-reseaux-de-drones-et-denergie","status":"publish","type":"post","link":"https:\/\/www.europe24.org\/?p=24301","title":{"rendered":"Black-out g\u00e9n\u00e9ral en Crim\u00e9e : L&#8217;op\u00e9ration d&#8217;isolement paralyse les r\u00e9seaux de drones et d&#8217;\u00e9nergie"},"content":{"rendered":"\n<p class=\"wp-block-paragraph\">La p\u00e9ninsule de Crim\u00e9e est plong\u00e9e dans l&#8217;obscurit\u00e9 totale \u00e0 la suite d&#8217;une frappe massive ciblant les infrastructures strat\u00e9giques de l&#8217;occupant. Les forces ukrainiennes ont d\u00e9truit un important d\u00e9p\u00f4t de mat\u00e9riel logistique \u00e0 Novosilske, tout en frappant de plein fouet les capacit\u00e9s de commandement des forces russes.<\/p>\n\n\n\n<p class=\"wp-block-paragraph\">L&#8217;op\u00e9ration a permis d&#8217;\u00e9liminer six relais terrestres de guidage utilis\u00e9s pour le pilotage des drones d&#8217;attaque Geran et Gerbera, r\u00e9partis entre Sterehushche, Olenivka et Chornomorske. L&#8217;op\u00e9rateur \u00e9nerg\u00e9tique local Krymenergo a confirm\u00e9 des coupures d&#8217;\u00e9lectricit\u00e9 \u00e0 l&#8217;\u00e9chelle de toute la r\u00e9gion, la majorit\u00e9 des localit\u00e9s se retrouvant priv\u00e9es de courant apr\u00e8s les d\u00e9g\u00e2ts subis par les installations \u00e9lectriques.<\/p>\n\n\n\n<p class=\"wp-block-paragraph\">De vives explosions ont \u00e9t\u00e9 observ\u00e9es pr\u00e8s de la centrale thermique de Tavricheskaya, provoquant la mise hors service du r\u00e9seau \u00e0 S\u00e9bastopol, Djanko\u00ef, Simferopol et Kertch. Face \u00e0 la paralysie des services de base, les files d&#8217;attente s&#8217;allongent consid\u00e9rablement au niveau du pont de Kertch, marquant un d\u00e9part massif de la population vers le continent.<\/p>\n\n\n\n<p class=\"wp-block-paragraph\"><\/p>\n","protected":false},"excerpt":{"rendered":"<p>La p\u00e9ninsule de Crim\u00e9e est plong\u00e9e dans l&#8217;obscurit\u00e9 totale \u00e0 la suite d&#8217;une frappe massive ciblant les infrastructures strat\u00e9giques de l&#8217;occupant. Les forces ukrainiennes ont d\u00e9truit un important d\u00e9p\u00f4t de mat\u00e9riel logistique \u00e0 Novosilske, tout en frappant de plein fouet les capacit\u00e9s de commandement des forces russes. L&#8217;op\u00e9ration a permis d&#8217;\u00e9liminer six relais terrestres de [&hellip;]<\/p>\n","protected":false},"author":1,"featured_media":24302,"comment_status":"open","ping_status":"open","sticky":false,"template":"","format":"standard","meta":{"footnotes":""},"categories":[40,42,6,8,1],"tags":[],"class_list":["post-24301","post","type-post","status-publish","format-standard","has-post-thumbnail","hentry","category-monde","category-politique","category-social","category-uncategorized","category-1"],"_links":{"self":[{"href":"https:\/\/www.europe24.org\/index.php?rest_route=\/wp\/v2\/posts\/24301","targetHints":{"allow":["GET"]}}],"collection":[{"href":"https:\/\/www.europe24.org\/index.php?rest_route=\/wp\/v2\/posts"}],"about":[{"href":"https:\/\/www.europe24.org\/index.php?rest_route=\/wp\/v2\/types\/post"}],"author":[{"embeddable":true,"href":"https:\/\/www.europe24.org\/index.php?rest_route=\/wp\/v2\/users\/1"}],"replies":[{"embeddable":true,"href":"https:\/\/www.europe24.org\/index.php?rest_route=%2Fwp%2Fv2%2Fcomments&post=24301"}],"version-history":[{"count":2,"href":"https:\/\/www.europe24.org\/index.php?rest_route=\/wp\/v2\/posts\/24301\/revisions"}],"predecessor-version":[{"id":24305,"href":"https:\/\/www.europe24.org\/index.php?rest_route=\/wp\/v2\/posts\/24301\/revisions\/24305"}],"wp:featuredmedia":[{"embeddable":true,"href":"https:\/\/www.europe24.org\/index.php?rest_route=\/wp\/v2\/media\/24302"}],"wp:attachment":[{"href":"https:\/\/www.europe24.org\/index.php?rest_route=%2Fwp%2Fv2%2Fmedia&parent=24301"}],"wp:term":[{"taxonomy":"category","embeddable":true,"href":"https:\/\/www.europe24.org\/index.php?rest_route=%2Fwp%2Fv2%2Fcategories&post=24301"},{"taxonomy":"post_tag","embeddable":true,"href":"https:\/\/www.europe24.org\/index.php?rest_route=%2Fwp%2Fv2%2Ftags&post=24301"}],"curies":[{"name":"wp","href":"https:\/\/api.w.org\/{rel}","templated":true}]}}