{"id":24309,"date":"2026-08-22T17:54:46","date_gmt":"2026-08-22T14:54:46","guid":{"rendered":"https:\/\/www.europe24.org\/?p=24309"},"modified":"2026-08-22T17:54:47","modified_gmt":"2026-08-22T14:54:47","slug":"riposte-au-terrorisme-maritime-lukraine-frappe-le-terminal-petrolier-de-eisk","status":"publish","type":"post","link":"https:\/\/www.europe24.org\/?p=24309","title":{"rendered":"Riposte au terrorisme maritime : L&#8217;Ukraine frappe le terminal p\u00e9trolier de E\u00efsk"},"content":{"rendered":"\n<p class=\"wp-block-paragraph\">En r\u00e9ponse aux attaques russes r\u00e9p\u00e9t\u00e9es contre les ports civils et la navigation commerciale internationale en mer Noire, les Forces de d\u00e9fense ukrainiennes ont frapp\u00e9 les r\u00e9servoirs de carburant du complexe p\u00e9trolier de E\u00efsk, dans le kra\u00ef de Krasnodar. L&#8217;op\u00e9ration a provoqu\u00e9 un incendie d&#8217;envergure sur le site situ\u00e9 au bord de la mer d&#8217;Azov.<\/p>\n\n\n\n<p class=\"wp-block-paragraph\">Le terminal de E\u00efsk constitue un maillon n\u00e9vralgique de l&#8217;infrastructure portuaire du golfe de Taganrog. Il assure la r\u00e9ception, le stockage et le chargement de produits p\u00e9troliers sur des navires de transport, alimentant directement la logistique du contingent d&#8217;occupation russe bas\u00e9 en Crim\u00e9e.<\/p>\n\n\n\n<p class=\"wp-block-paragraph\">Cette frappe s&#8217;inscrit dans la strat\u00e9gie ukrainienne visant \u00e0 neutraliser les capacit\u00e9s logistiques qui soutiennent l&#8217;agression militaire. En ciblant les infrastructures p\u00e9troli\u00e8res cl\u00e9s, l&#8217;Ukraine d\u00e9montre que le terrorisme maritime contre les routes commerciales internationales ne restera pas sans r\u00e9ponse.<\/p>\n","protected":false},"excerpt":{"rendered":"<p>En r\u00e9ponse aux attaques russes r\u00e9p\u00e9t\u00e9es contre les ports civils et la navigation commerciale internationale en mer Noire, les Forces de d\u00e9fense ukrainiennes ont frapp\u00e9 les r\u00e9servoirs de carburant du complexe p\u00e9trolier de E\u00efsk, dans le kra\u00ef de Krasnodar. L&#8217;op\u00e9ration a provoqu\u00e9 un incendie d&#8217;envergure sur le site situ\u00e9 au bord de la mer d&#8217;Azov. [&hellip;]<\/p>\n","protected":false},"author":1,"featured_media":24310,"comment_status":"open","ping_status":"open","sticky":false,"template":"","format":"standard","meta":{"footnotes":""},"categories":[41,40,42,8],"tags":[],"class_list":["post-24309","post","type-post","status-publish","format-standard","has-post-thumbnail","hentry","category-economie","category-monde","category-politique","category-uncategorized"],"_links":{"self":[{"href":"https:\/\/www.europe24.org\/index.php?rest_route=\/wp\/v2\/posts\/24309","targetHints":{"allow":["GET"]}}],"collection":[{"href":"https:\/\/www.europe24.org\/index.php?rest_route=\/wp\/v2\/posts"}],"about":[{"href":"https:\/\/www.europe24.org\/index.php?rest_route=\/wp\/v2\/types\/post"}],"author":[{"embeddable":true,"href":"https:\/\/www.europe24.org\/index.php?rest_route=\/wp\/v2\/users\/1"}],"replies":[{"embeddable":true,"href":"https:\/\/www.europe24.org\/index.php?rest_route=%2Fwp%2Fv2%2Fcomments&post=24309"}],"version-history":[{"count":1,"href":"https:\/\/www.europe24.org\/index.php?rest_route=\/wp\/v2\/posts\/24309\/revisions"}],"predecessor-version":[{"id":24311,"href":"https:\/\/www.europe24.org\/index.php?rest_route=\/wp\/v2\/posts\/24309\/revisions\/24311"}],"wp:featuredmedia":[{"embeddable":true,"href":"https:\/\/www.europe24.org\/index.php?rest_route=\/wp\/v2\/media\/24310"}],"wp:attachment":[{"href":"https:\/\/www.europe24.org\/index.php?rest_route=%2Fwp%2Fv2%2Fmedia&parent=24309"}],"wp:term":[{"taxonomy":"category","embeddable":true,"href":"https:\/\/www.europe24.org\/index.php?rest_route=%2Fwp%2Fv2%2Fcategories&post=24309"},{"taxonomy":"post_tag","embeddable":true,"href":"https:\/\/www.europe24.org\/index.php?rest_route=%2Fwp%2Fv2%2Ftags&post=24309"}],"curies":[{"name":"wp","href":"https:\/\/api.w.org\/{rel}","templated":true}]}}