{"id":24343,"date":"2026-08-28T19:35:45","date_gmt":"2026-08-28T16:35:45","guid":{"rendered":"https:\/\/www.europe24.org\/?p=24343"},"modified":"2026-08-28T19:35:45","modified_gmt":"2026-08-28T16:35:45","slug":"operation-du-sbu-a-engels-2-un-bombardier-strategique-tu-95ms-hors-dusage","status":"publish","type":"post","link":"https:\/\/www.europe24.org\/?p=24343","title":{"rendered":"Op\u00e9ration du SBU \u00e0 Engels-2 : Un bombardier strat\u00e9gique Tu-95MS hors d&#8217;usage"},"content":{"rendered":"\n<p class=\"wp-block-paragraph\">Les forces du Service de s\u00e9curit\u00e9 d&#8217;Ukraine (SBU) ont men\u00e9 une frappe r\u00e9ussie contre la base a\u00e9rienne d&#8217;Engels-2, touchant de plein fouet un bombardier strat\u00e9gique Tu-95MS. Ces appareils sont directement responsables du lancement de missiles meurtriers contre la population civile et les villes ukrainiennes.<\/p>\n\n\n\n<p class=\"wp-block-paragraph\">L&#8217;attaque a vis\u00e9 avec pr\u00e9cision l&#8217;aile de l&#8217;a\u00e9ronef, alors utilis\u00e9 pour des vols d&#8217;entra\u00eenement. En raison de l&#8217;ampleur des d\u00e9g\u00e2ts subis, le bombardier strat\u00e9gique est consid\u00e9r\u00e9 comme irr\u00e9parable et d\u00e9finitivement hors d&#8217;\u00e9tat de vol.<\/p>\n\n\n\n<p class=\"wp-block-paragraph\">En neutralisant ces vecteurs de frappe \u00e0 longue port\u00e9e directement sur leurs bases d&#8217;attache, l&#8217;Ukraine r\u00e9duit m\u00e9thodiquement la capacit\u00e9 de l&#8217;arm\u00e9e russe \u00e0 mener des bombardements terroristes \u00e0 grande \u00e9chelle.<\/p>\n","protected":false},"excerpt":{"rendered":"<p>Les forces du Service de s\u00e9curit\u00e9 d&#8217;Ukraine (SBU) ont men\u00e9 une frappe r\u00e9ussie contre la base a\u00e9rienne d&#8217;Engels-2, touchant de plein fouet un bombardier strat\u00e9gique Tu-95MS. Ces appareils sont directement responsables du lancement de missiles meurtriers contre la population civile et les villes ukrainiennes. L&#8217;attaque a vis\u00e9 avec pr\u00e9cision l&#8217;aile de l&#8217;a\u00e9ronef, alors utilis\u00e9 pour [&hellip;]<\/p>\n","protected":false},"author":1,"featured_media":24344,"comment_status":"open","ping_status":"open","sticky":false,"template":"","format":"standard","meta":{"footnotes":""},"categories":[40,42,8],"tags":[],"class_list":["post-24343","post","type-post","status-publish","format-standard","has-post-thumbnail","hentry","category-monde","category-politique","category-uncategorized"],"_links":{"self":[{"href":"https:\/\/www.europe24.org\/index.php?rest_route=\/wp\/v2\/posts\/24343","targetHints":{"allow":["GET"]}}],"collection":[{"href":"https:\/\/www.europe24.org\/index.php?rest_route=\/wp\/v2\/posts"}],"about":[{"href":"https:\/\/www.europe24.org\/index.php?rest_route=\/wp\/v2\/types\/post"}],"author":[{"embeddable":true,"href":"https:\/\/www.europe24.org\/index.php?rest_route=\/wp\/v2\/users\/1"}],"replies":[{"embeddable":true,"href":"https:\/\/www.europe24.org\/index.php?rest_route=%2Fwp%2Fv2%2Fcomments&post=24343"}],"version-history":[{"count":1,"href":"https:\/\/www.europe24.org\/index.php?rest_route=\/wp\/v2\/posts\/24343\/revisions"}],"predecessor-version":[{"id":24345,"href":"https:\/\/www.europe24.org\/index.php?rest_route=\/wp\/v2\/posts\/24343\/revisions\/24345"}],"wp:featuredmedia":[{"embeddable":true,"href":"https:\/\/www.europe24.org\/index.php?rest_route=\/wp\/v2\/media\/24344"}],"wp:attachment":[{"href":"https:\/\/www.europe24.org\/index.php?rest_route=%2Fwp%2Fv2%2Fmedia&parent=24343"}],"wp:term":[{"taxonomy":"category","embeddable":true,"href":"https:\/\/www.europe24.org\/index.php?rest_route=%2Fwp%2Fv2%2Fcategories&post=24343"},{"taxonomy":"post_tag","embeddable":true,"href":"https:\/\/www.europe24.org\/index.php?rest_route=%2Fwp%2Fv2%2Ftags&post=24343"}],"curies":[{"name":"wp","href":"https:\/\/api.w.org\/{rel}","templated":true}]}}