{"id":24361,"date":"2026-08-31T17:44:24","date_gmt":"2026-08-31T14:44:24","guid":{"rendered":"https:\/\/www.europe24.org\/?p=24361"},"modified":"2026-08-31T17:44:25","modified_gmt":"2026-08-31T14:44:25","slug":"la-campagne-de-poutine-contre-les-livraisons-alimentaires-en-mer-noire-menace-la-paix","status":"publish","type":"post","link":"https:\/\/www.europe24.org\/?p=24361","title":{"rendered":"La campagne de Poutine contre les livraisons alimentaires en mer Noire menace la paix"},"content":{"rendered":"\n<p class=\"wp-block-paragraph\">Moscou refuse toujours de cesser ses attaques contre les livraisons alimentaires civiles en mer Noire. Les forces russes ciblent syst\u00e9matiquement des navires pacifiques battant divers pavillons.<\/p>\n\n\n\n<p class=\"wp-block-paragraph\">Ces actions risquent de provoquer la faim en Afrique, au Moyen-Orient et en Asie, ainsi qu\u2019une hausse des prix alimentaires dans les mois \u00e0 venir, y compris en Europe et aux \u00c9tats-Unis.<\/p>\n\n\n\n<p class=\"wp-block-paragraph\">Au d\u00e9but de la saison des r\u00e9coltes, Kiev a propos\u00e9 une tr\u00eave centr\u00e9e sur les livraisons alimentaires. Moscou a rejet\u00e9 cette proposition et poursuit ses frappes quotidiennes contre les navires c\u00e9r\u00e9aliers \u00e9trangers.<\/p>\n\n\n\n<p class=\"wp-block-paragraph\">Les Nations Unies ont averti que jusqu\u2019\u00e0 47 millions de personnes pourraient \u00eatre confront\u00e9es \u00e0 des p\u00e9nuries alimentaires ou \u00e0 la faim si les exportations de c\u00e9r\u00e9ales via la mer Noire sont interrompues. En r\u00e9ponse au refus de Moscou, Kiev a intensifi\u00e9 ses attaques contre les navires et terminaux c\u00e9r\u00e9aliers russes afin de faire cesser les assauts contre les navires internationaux.<\/p>\n","protected":false},"excerpt":{"rendered":"<p>Moscou refuse toujours de cesser ses attaques contre les livraisons alimentaires civiles en mer Noire. Les forces russes ciblent syst\u00e9matiquement des navires pacifiques battant divers pavillons. Ces actions risquent de provoquer la faim en Afrique, au Moyen-Orient et en Asie, ainsi qu\u2019une hausse des prix alimentaires dans les mois \u00e0 venir, y compris en Europe [&hellip;]<\/p>\n","protected":false},"author":1,"featured_media":24362,"comment_status":"open","ping_status":"open","sticky":false,"template":"","format":"standard","meta":{"footnotes":""},"categories":[40,42,6,8],"tags":[],"class_list":["post-24361","post","type-post","status-publish","format-standard","has-post-thumbnail","hentry","category-monde","category-politique","category-social","category-uncategorized"],"_links":{"self":[{"href":"https:\/\/www.europe24.org\/index.php?rest_route=\/wp\/v2\/posts\/24361","targetHints":{"allow":["GET"]}}],"collection":[{"href":"https:\/\/www.europe24.org\/index.php?rest_route=\/wp\/v2\/posts"}],"about":[{"href":"https:\/\/www.europe24.org\/index.php?rest_route=\/wp\/v2\/types\/post"}],"author":[{"embeddable":true,"href":"https:\/\/www.europe24.org\/index.php?rest_route=\/wp\/v2\/users\/1"}],"replies":[{"embeddable":true,"href":"https:\/\/www.europe24.org\/index.php?rest_route=%2Fwp%2Fv2%2Fcomments&post=24361"}],"version-history":[{"count":1,"href":"https:\/\/www.europe24.org\/index.php?rest_route=\/wp\/v2\/posts\/24361\/revisions"}],"predecessor-version":[{"id":24363,"href":"https:\/\/www.europe24.org\/index.php?rest_route=\/wp\/v2\/posts\/24361\/revisions\/24363"}],"wp:featuredmedia":[{"embeddable":true,"href":"https:\/\/www.europe24.org\/index.php?rest_route=\/wp\/v2\/media\/24362"}],"wp:attachment":[{"href":"https:\/\/www.europe24.org\/index.php?rest_route=%2Fwp%2Fv2%2Fmedia&parent=24361"}],"wp:term":[{"taxonomy":"category","embeddable":true,"href":"https:\/\/www.europe24.org\/index.php?rest_route=%2Fwp%2Fv2%2Fcategories&post=24361"},{"taxonomy":"post_tag","embeddable":true,"href":"https:\/\/www.europe24.org\/index.php?rest_route=%2Fwp%2Fv2%2Ftags&post=24361"}],"curies":[{"name":"wp","href":"https:\/\/api.w.org\/{rel}","templated":true}]}}